{"id":1109,"date":"2018-03-23T15:16:24","date_gmt":"2018-03-23T14:16:24","guid":{"rendered":"http:\/\/lponordgrandeterre.fr\/?p=1109"},"modified":"2018-03-23T16:53:11","modified_gmt":"2018-03-23T15:53:11","slug":"les-etudiants-du-bts-esf-a-lecoute-des-acteurs-de-laction-sociale","status":"publish","type":"post","link":"https:\/\/lponordgrandeterre.fr\/?p=1109","title":{"rendered":"Les \u00e9tudiants du BTS ESF \u00e0 l\u2019\u00e9coute des acteurs de l\u2019action sociale"},"content":{"rendered":"<p>&nbsp;<\/p>\n<p>&nbsp;<\/p>\n<p>&nbsp;<\/p>\n<p>&nbsp;<\/p>\n<p>&nbsp;<\/p>\n<p>&nbsp;<\/p>\n<p>&nbsp;<\/p>\n<p><strong><u>\u00ab\u00a0La construction des identit\u00e9s des individus\u00a0\u00bb<\/u><\/strong><\/p>\n<p>Une approche sociologique avec monsieur Raymond OTTO<\/p>\n<p><strong><u>Visite de l\u2019ESAT<\/u><\/strong>\u00a0\u00ab\u00a0ALIZE\u00a0\u00bb \u00e0 Macaille ANSE-BERTRAND<\/p>\n<p>Pr\u00e9sentation de la structure et suivi du protocole de fabrication de confiture par les usagers du centre<\/p>\n<p><a href=\"http:\/\/lponordgrandeterre.fr\/wp-content\/uploads\/2018\/03\/IMG_6307.jpg\" target=\"_blank\" rel=\"noopener noreferrer\"><img decoding=\"async\" loading=\"lazy\" class=\"alignnone wp-image-1124 size-medium\" src=\"http:\/\/lponordgrandeterre.fr\/wp-content\/uploads\/2018\/03\/IMG_6307-225x300.jpg\" alt=\"\" width=\"225\" height=\"300\" srcset=\"https:\/\/lponordgrandeterre.fr\/wp-content\/uploads\/2018\/03\/IMG_6307-225x300.jpg 225w, https:\/\/lponordgrandeterre.fr\/wp-content\/uploads\/2018\/03\/IMG_6307.jpg 480w\" sizes=\"(max-width: 225px) 100vw, 225px\" \/><\/a><a href=\"http:\/\/lponordgrandeterre.fr\/wp-content\/uploads\/2018\/03\/IMG_6321.jpg\" target=\"_blank\" rel=\"noopener noreferrer\"><img decoding=\"async\" loading=\"lazy\" class=\"alignnone wp-image-1128 size-medium\" src=\"http:\/\/lponordgrandeterre.fr\/wp-content\/uploads\/2018\/03\/IMG_6321-300x225.jpg\" alt=\"\" width=\"300\" height=\"225\" srcset=\"https:\/\/lponordgrandeterre.fr\/wp-content\/uploads\/2018\/03\/IMG_6321-300x225.jpg 300w, https:\/\/lponordgrandeterre.fr\/wp-content\/uploads\/2018\/03\/IMG_6321.jpg 640w\" sizes=\"(max-width: 300px) 100vw, 300px\" \/><\/a> <a href=\"http:\/\/lponordgrandeterre.fr\/wp-content\/uploads\/2018\/03\/IMG_6320.jpg\" target=\"_blank\" rel=\"noopener noreferrer\"><img decoding=\"async\" loading=\"lazy\" class=\"alignnone wp-image-1127 size-medium\" src=\"http:\/\/lponordgrandeterre.fr\/wp-content\/uploads\/2018\/03\/IMG_6320-225x300.jpg\" alt=\"\" width=\"225\" height=\"300\" srcset=\"https:\/\/lponordgrandeterre.fr\/wp-content\/uploads\/2018\/03\/IMG_6320-225x300.jpg 225w, https:\/\/lponordgrandeterre.fr\/wp-content\/uploads\/2018\/03\/IMG_6320.jpg 480w\" sizes=\"(max-width: 225px) 100vw, 225px\" \/><\/a> <a href=\"http:\/\/lponordgrandeterre.fr\/wp-content\/uploads\/2018\/03\/IMG_6318.jpg\" target=\"_blank\" rel=\"noopener noreferrer\"><img decoding=\"async\" loading=\"lazy\" class=\"alignnone wp-image-1126 size-medium\" src=\"http:\/\/lponordgrandeterre.fr\/wp-content\/uploads\/2018\/03\/IMG_6318-225x300.jpg\" alt=\"\" width=\"225\" height=\"300\" srcset=\"https:\/\/lponordgrandeterre.fr\/wp-content\/uploads\/2018\/03\/IMG_6318-225x300.jpg 225w, https:\/\/lponordgrandeterre.fr\/wp-content\/uploads\/2018\/03\/IMG_6318.jpg 480w\" sizes=\"(max-width: 225px) 100vw, 225px\" \/><\/a><\/p>\n<p><a href=\"http:\/\/lponordgrandeterre.fr\/wp-content\/uploads\/2018\/03\/IMG_6317.jpg\" target=\"_blank\" rel=\"noopener noreferrer\"><img decoding=\"async\" loading=\"lazy\" class=\"alignnone wp-image-1125 size-medium\" src=\"http:\/\/lponordgrandeterre.fr\/wp-content\/uploads\/2018\/03\/IMG_6317-225x300.jpg\" alt=\"\" width=\"225\" height=\"300\" srcset=\"https:\/\/lponordgrandeterre.fr\/wp-content\/uploads\/2018\/03\/IMG_6317-225x300.jpg 225w, https:\/\/lponordgrandeterre.fr\/wp-content\/uploads\/2018\/03\/IMG_6317.jpg 480w\" sizes=\"(max-width: 225px) 100vw, 225px\" \/><\/a><\/p>\n<p>&nbsp;<\/p>\n<p>Mme VALSAINT Conseill\u00e8re en Economie Sociale et Familiale<strong><u>, \u00ab\u00a0Marraine de la promotion 2017.2018\u00a0\u00bb\u00a0<\/u><\/strong><\/p>\n<p><a href=\"http:\/\/lponordgrandeterre.fr\/wp-content\/uploads\/2018\/03\/bts-esf-acteurs-social-2.jpg\" target=\"_blank\" rel=\"noopener noreferrer\"><img decoding=\"async\" loading=\"lazy\" class=\"alignnone size-medium wp-image-1113\" src=\"http:\/\/lponordgrandeterre.fr\/wp-content\/uploads\/2018\/03\/bts-esf-acteurs-social-2-169x300.jpg\" alt=\"\" width=\"169\" height=\"300\" srcset=\"https:\/\/lponordgrandeterre.fr\/wp-content\/uploads\/2018\/03\/bts-esf-acteurs-social-2-169x300.jpg 169w, https:\/\/lponordgrandeterre.fr\/wp-content\/uploads\/2018\/03\/bts-esf-acteurs-social-2-576x1024.jpg 576w, https:\/\/lponordgrandeterre.fr\/wp-content\/uploads\/2018\/03\/bts-esf-acteurs-social-2.jpg 720w\" sizes=\"(max-width: 169px) 100vw, 169px\" \/><\/a><a href=\"http:\/\/lponordgrandeterre.fr\/wp-content\/uploads\/2018\/03\/bts-esf-acteurs-social-1.jpg\" target=\"_blank\" rel=\"noopener noreferrer\"><img decoding=\"async\" loading=\"lazy\" class=\"alignnone size-medium wp-image-1114\" src=\"http:\/\/lponordgrandeterre.fr\/wp-content\/uploads\/2018\/03\/bts-esf-acteurs-social-1-169x300.jpg\" alt=\"\" width=\"169\" height=\"300\" srcset=\"https:\/\/lponordgrandeterre.fr\/wp-content\/uploads\/2018\/03\/bts-esf-acteurs-social-1-169x300.jpg 169w, https:\/\/lponordgrandeterre.fr\/wp-content\/uploads\/2018\/03\/bts-esf-acteurs-social-1-576x1024.jpg 576w, https:\/\/lponordgrandeterre.fr\/wp-content\/uploads\/2018\/03\/bts-esf-acteurs-social-1.jpg 720w\" sizes=\"(max-width: 169px) 100vw, 169px\" \/><\/a><\/p>\n<p>Selon notre \u00ab\u00a0Marraine\u00a0\u00bb il serait int\u00e9ressant d\u2019\u00e9tablir un v\u00e9ritable partenariat entre les CESF et les techniciennes en Economie Sociale et Familiale en formation au LPO de PORT-LOUIS.<\/p>\n<p>&nbsp;<\/p>\n<p>&nbsp;<\/p>\n<p><strong><u>D\u00e9bat autour du \u00ab\u00a0Handicap\u00a0\u00bb et de certains dispositifs<\/u><\/strong><\/p>\n<p><strong><u>\u00a0<\/u><\/strong><\/p>\n<p>Nombreux sont les professionnels du secteur m\u00e9dico-social qui ont su nous pr\u00e9senter les diff\u00e9rentes caract\u00e9ristiques de leur structure et le public pris en charge .<\/p>\n<p>En pr\u00e9sence de l\u2019assistante sociale du (<strong>Centre d\u2019Action M\u00e9dico-Sociale Pr\u00e9coce (CAMSP)<\/strong> Mme Y LAURENT, des Directeurs M COCODEAU du\u00a0<strong>Centre M\u00e9dico-Psycho-P\u00e9dagogiques (CMPP)<\/strong>\u00a0 et de M NAQUIN,\u00a0 nous avons\u00a0 pu identifier les missions qui leurs sont confi\u00e9es et les dispositifs existants dans notre d\u00e9partement.<\/p>\n<p>&nbsp;<\/p>\n","protected":false},"excerpt":{"rendered":"<p>&nbsp; &nbsp; &nbsp; &nbsp; &nbsp; &nbsp; &nbsp; \u00ab\u00a0La construction des identit\u00e9s des individus\u00a0\u00bb Une approche sociologique avec monsieur Raymond OTTO Visite de l\u2019ESAT\u00a0\u00ab\u00a0ALIZE\u00a0\u00bb \u00e0 Macaille ANSE-BERTRAND Pr\u00e9sentation de la structure et suivi du protocole de fabrication de confiture par les usagers du centre &nbsp; Mme VALSAINT Conseill\u00e8re en Economie Sociale et Familiale, \u00ab\u00a0Marraine de la promotion 2017.2018\u00a0\u00bb\u00a0 Selon notre \u00ab\u00a0Marraine\u00a0\u00bb il serait int\u00e9ressant d\u2019\u00e9tablir un v\u00e9ritable partenariat entre les CESF et les techniciennes en Economie Sociale et Familiale en formation au LPO de PORT-LOUIS. &nbsp; &nbsp; D\u00e9bat autour du \u00ab\u00a0Handicap\u00a0\u00bb&#8230; <\/p>\n","protected":false},"author":4,"featured_media":1112,"comment_status":"closed","ping_status":"open","sticky":false,"template":"","format":"standard","meta":[],"categories":[6,5],"tags":[],"_links":{"self":[{"href":"https:\/\/lponordgrandeterre.fr\/index.php?rest_route=\/wp\/v2\/posts\/1109"}],"collection":[{"href":"https:\/\/lponordgrandeterre.fr\/index.php?rest_route=\/wp\/v2\/posts"}],"about":[{"href":"https:\/\/lponordgrandeterre.fr\/index.php?rest_route=\/wp\/v2\/types\/post"}],"author":[{"embeddable":true,"href":"https:\/\/lponordgrandeterre.fr\/index.php?rest_route=\/wp\/v2\/users\/4"}],"replies":[{"embeddable":true,"href":"https:\/\/lponordgrandeterre.fr\/index.php?rest_route=%2Fwp%2Fv2%2Fcomments&post=1109"}],"version-history":[{"count":9,"href":"https:\/\/lponordgrandeterre.fr\/index.php?rest_route=\/wp\/v2\/posts\/1109\/revisions"}],"predecessor-version":[{"id":1135,"href":"https:\/\/lponordgrandeterre.fr\/index.php?rest_route=\/wp\/v2\/posts\/1109\/revisions\/1135"}],"wp:featuredmedia":[{"embeddable":true,"href":"https:\/\/lponordgrandeterre.fr\/index.php?rest_route=\/wp\/v2\/media\/1112"}],"wp:attachment":[{"href":"https:\/\/lponordgrandeterre.fr\/index.php?rest_route=%2Fwp%2Fv2%2Fmedia&parent=1109"}],"wp:term":[{"taxonomy":"category","embeddable":true,"href":"https:\/\/lponordgrandeterre.fr\/index.php?rest_route=%2Fwp%2Fv2%2Fcategories&post=1109"},{"taxonomy":"post_tag","embeddable":true,"href":"https:\/\/lponordgrandeterre.fr\/index.php?rest_route=%2Fwp%2Fv2%2Ftags&post=1109"}],"curies":[{"name":"wp","href":"https:\/\/api.w.org\/{rel}","templated":true}]}}