{"id":1415,"date":"2018-11-28T13:33:43","date_gmt":"2018-11-28T12:33:43","guid":{"rendered":"http:\/\/lponordgrandeterre.fr\/?p=1415"},"modified":"2018-11-28T13:34:58","modified_gmt":"2018-11-28T12:34:58","slug":"visite-du-grand-port-maritime-de-guadeloupe","status":"publish","type":"post","link":"https:\/\/lponordgrandeterre.fr\/?p=1415","title":{"rendered":"Visite du Grand Port Maritime de Guadeloupe"},"content":{"rendered":"<h4 style=\"text-align: left;\"><span style=\"color: #008080;\">Le vendredi 9 novembre 2018, Madame Viviane FRAN\u00c7OIS-JULIEN, Directrice de la Communication et des Relations Institutionnelles \u00e0 Guadeloupe port Cara\u00efbes recevait les \u00e9tudiants de 1\u00e8re ann\u00e9e du BTS Transport et Prestations logistiques du lyc\u00e9e polyvalent de Port Louis. <\/span><\/h4>\n<p>&nbsp;<\/p>\n<p>&nbsp;<\/p>\n<p>La visite \u00e9tait tr\u00e8s int\u00e9ressante et particuli\u00e8rement vivante m\u00ealant des approches g\u00e9n\u00e9rales (sur la strat\u00e9gie et la notion de service public) et techniques (d\u00e9couverte des m\u00e9tiers et des mat\u00e9riels). Madame Fran\u00e7ois-Julien nous a pr\u00e9sent\u00e9 le GPMG, ses objectifs strat\u00e9giques et ses organes de gouvernance.<\/p>\n<p><img decoding=\"async\" loading=\"lazy\" class=\"alignnone size-full wp-image-1417\" src=\"http:\/\/lponordgrandeterre.fr\/wp-content\/uploads\/2018\/11\/port-2.jpg\" alt=\"\" width=\"309\" height=\"193\" srcset=\"https:\/\/lponordgrandeterre.fr\/wp-content\/uploads\/2018\/11\/port-2.jpg 309w, https:\/\/lponordgrandeterre.fr\/wp-content\/uploads\/2018\/11\/port-2-300x187.jpg 300w\" sizes=\"(max-width: 309px) 100vw, 309px\" \/><\/p>\n<p>&nbsp;<\/p>\n<p>Mme Priscillia WACHTER, Responsable de la Communication et des Relations Institutionnelles \u00e0 Guadeloupe port Cara\u00efbes, nous a ensuite propos\u00e9 un film institutionnel retra\u00e7ant l\u2019histoire des ports de la Guadeloupe et pr\u00e9sentant leur avenir. Cette projection a \u00e9t\u00e9 suivie d\u2019une s\u00e9ance de questions-r\u00e9ponses qui a permis aux \u00e9tudiants d\u2019\u00eatre acteurs de leur visite.<\/p>\n<h4><span style=\"color: #800000;\">\u00ab Les salari\u00e9s pr\u00e9sentent leurs m\u00e9tiers aux \u00e9tudiants \u00bb\u00a0<\/span><\/h4>\n<p>Nous avons enfin visit\u00e9 le port de marchandises de Jarry avec pour guide Monsieur Bruno MONTOUT, portiqueur au port de Jarry, qui nous a pr\u00e9sent\u00e9 les principaux m\u00e9tiers du port et fait visiter les installations portuaires dans lesquelles il travaille quotidiennement. Merci \u00e0 Madame Christele PRETERIENS qui a \u00e9t\u00e9 notre contact pendant la pr\u00e9paration de cette visite.<\/p>\n<p>t\u00e9l\u00e9charger l&#8217;article\u00a0<a href=\"http:\/\/lponordgrandeterre.fr\/wp-content\/uploads\/2018\/11\/visite-port-maritime-guadeloupe.pdf\" target=\"_blank\" rel=\"noopener noreferrer\">visite port maritime guadeloupe<\/a><\/p>\n","protected":false},"excerpt":{"rendered":"<p>Le vendredi 9 novembre 2018, Madame Viviane FRAN\u00c7OIS-JULIEN, Directrice de la Communication et des Relations Institutionnelles \u00e0 Guadeloupe port Cara\u00efbes recevait les \u00e9tudiants de 1\u00e8re ann\u00e9e du BTS Transport et Prestations logistiques du lyc\u00e9e polyvalent de Port Louis. &nbsp; &nbsp; La visite \u00e9tait tr\u00e8s int\u00e9ressante et particuli\u00e8rement vivante m\u00ealant des approches g\u00e9n\u00e9rales (sur la strat\u00e9gie et la notion de service public) et techniques (d\u00e9couverte des m\u00e9tiers et des mat\u00e9riels). Madame Fran\u00e7ois-Julien nous a pr\u00e9sent\u00e9 le GPMG, ses objectifs strat\u00e9giques et ses organes de gouvernance. &nbsp; Mme Priscillia WACHTER, Responsable de&#8230; <\/p>\n","protected":false},"author":4,"featured_media":1416,"comment_status":"closed","ping_status":"open","sticky":false,"template":"","format":"standard","meta":[],"categories":[6,5],"tags":[],"_links":{"self":[{"href":"https:\/\/lponordgrandeterre.fr\/index.php?rest_route=\/wp\/v2\/posts\/1415"}],"collection":[{"href":"https:\/\/lponordgrandeterre.fr\/index.php?rest_route=\/wp\/v2\/posts"}],"about":[{"href":"https:\/\/lponordgrandeterre.fr\/index.php?rest_route=\/wp\/v2\/types\/post"}],"author":[{"embeddable":true,"href":"https:\/\/lponordgrandeterre.fr\/index.php?rest_route=\/wp\/v2\/users\/4"}],"replies":[{"embeddable":true,"href":"https:\/\/lponordgrandeterre.fr\/index.php?rest_route=%2Fwp%2Fv2%2Fcomments&post=1415"}],"version-history":[{"count":2,"href":"https:\/\/lponordgrandeterre.fr\/index.php?rest_route=\/wp\/v2\/posts\/1415\/revisions"}],"predecessor-version":[{"id":1422,"href":"https:\/\/lponordgrandeterre.fr\/index.php?rest_route=\/wp\/v2\/posts\/1415\/revisions\/1422"}],"wp:featuredmedia":[{"embeddable":true,"href":"https:\/\/lponordgrandeterre.fr\/index.php?rest_route=\/wp\/v2\/media\/1416"}],"wp:attachment":[{"href":"https:\/\/lponordgrandeterre.fr\/index.php?rest_route=%2Fwp%2Fv2%2Fmedia&parent=1415"}],"wp:term":[{"taxonomy":"category","embeddable":true,"href":"https:\/\/lponordgrandeterre.fr\/index.php?rest_route=%2Fwp%2Fv2%2Fcategories&post=1415"},{"taxonomy":"post_tag","embeddable":true,"href":"https:\/\/lponordgrandeterre.fr\/index.php?rest_route=%2Fwp%2Fv2%2Ftags&post=1415"}],"curies":[{"name":"wp","href":"https:\/\/api.w.org\/{rel}","templated":true}]}}