{"id":2146,"date":"2020-03-09T20:27:40","date_gmt":"2020-03-09T19:27:40","guid":{"rendered":"http:\/\/lponordgrandeterre.fr\/?p=2146"},"modified":"2020-03-10T19:18:05","modified_gmt":"2020-03-10T18:18:05","slug":"terra-festival-2020","status":"publish","type":"post","link":"https:\/\/lponordgrandeterre.fr\/?p=2146","title":{"rendered":"TERRA Festival 2020"},"content":{"rendered":"<p><strong>Le TERRA Festival<img decoding=\"async\" loading=\"lazy\" class=\"size-medium wp-image-2147 alignleft\" src=\"http:\/\/lponordgrandeterre.fr\/wp-content\/uploads\/2020\/03\/COUV-TERRA-FESTIVAL-2020-300x111.jpg\" alt=\"\" width=\"300\" height=\"111\" srcset=\"https:\/\/lponordgrandeterre.fr\/wp-content\/uploads\/2020\/03\/COUV-TERRA-FESTIVAL-2020-300x111.jpg 300w, https:\/\/lponordgrandeterre.fr\/wp-content\/uploads\/2020\/03\/COUV-TERRA-FESTIVAL-2020-768x284.jpg 768w, https:\/\/lponordgrandeterre.fr\/wp-content\/uploads\/2020\/03\/COUV-TERRA-FESTIVAL-2020-1024x379.jpg 1024w, https:\/\/lponordgrandeterre.fr\/wp-content\/uploads\/2020\/03\/COUV-TERRA-FESTIVAL-2020.jpg 1773w\" sizes=\"(max-width: 300px) 100vw, 300px\" \/> annonce sa 16\u00e8me \u00e9dition qui aura lieu entre le 27 mars et le 4 avril.<\/strong><br \/>\nLa programmation s\u2019annonce tr\u00e8s diversifi\u00e9e. Une place importante est faite aux scolaires (primaires, coll\u00e9giens et lyc\u00e9ens avec une attention particuli\u00e8re pour les options cin\u00e9ma). Ils auront la possibilit\u00e9 de voir les films de la programmation et de rencontrer les invit\u00e9s lors de moments privil\u00e9gi\u00e9s de libres \u00e9changes.<\/p>\n<p><strong>Projection\u00a0de films : Gratuite \u00e0 Beauport pour les scolaires<\/strong><\/p>\n<p>Option\u00a0: Visite du site + Balade en train + d\u00e9gustation de jus de canne<\/p>\n<p><strong>Des concours sont lanc\u00e9s<\/strong> : court-m\u00e9trage, long-m\u00e9trage et minute pour l\u2019environnement. Vous avez jusqu\u2019au 20 mars 2020.<br \/>\n<strong>Le th\u00e8me du Concours Photo 2020 : Ciel de Guadeloupe<\/strong>.<\/p>\n<p>Cuirassier Sabine<\/p>\n<p>R\u00e9f\u00e9rent culture<\/p>\n","protected":false},"excerpt":{"rendered":"<p>Le TERRA Festival annonce sa 16\u00e8me \u00e9dition qui aura lieu entre le 27 mars et le 4 avril. La programmation s\u2019annonce tr\u00e8s diversifi\u00e9e. Une place importante est faite aux scolaires (primaires, coll\u00e9giens et lyc\u00e9ens avec une attention particuli\u00e8re pour les options cin\u00e9ma). Ils auront la possibilit\u00e9 de voir les films de la programmation et de rencontrer les invit\u00e9s lors de moments privil\u00e9gi\u00e9s de libres \u00e9changes. Projection\u00a0de films : Gratuite \u00e0 Beauport pour les scolaires Option\u00a0: Visite du site + Balade en train + d\u00e9gustation de jus de canne Des concours&#8230; <\/p>\n","protected":false},"author":3,"featured_media":0,"comment_status":"closed","ping_status":"open","sticky":false,"template":"","format":"standard","meta":[],"categories":[11,5],"tags":[],"_links":{"self":[{"href":"https:\/\/lponordgrandeterre.fr\/index.php?rest_route=\/wp\/v2\/posts\/2146"}],"collection":[{"href":"https:\/\/lponordgrandeterre.fr\/index.php?rest_route=\/wp\/v2\/posts"}],"about":[{"href":"https:\/\/lponordgrandeterre.fr\/index.php?rest_route=\/wp\/v2\/types\/post"}],"author":[{"embeddable":true,"href":"https:\/\/lponordgrandeterre.fr\/index.php?rest_route=\/wp\/v2\/users\/3"}],"replies":[{"embeddable":true,"href":"https:\/\/lponordgrandeterre.fr\/index.php?rest_route=%2Fwp%2Fv2%2Fcomments&post=2146"}],"version-history":[{"count":1,"href":"https:\/\/lponordgrandeterre.fr\/index.php?rest_route=\/wp\/v2\/posts\/2146\/revisions"}],"predecessor-version":[{"id":2148,"href":"https:\/\/lponordgrandeterre.fr\/index.php?rest_route=\/wp\/v2\/posts\/2146\/revisions\/2148"}],"wp:attachment":[{"href":"https:\/\/lponordgrandeterre.fr\/index.php?rest_route=%2Fwp%2Fv2%2Fmedia&parent=2146"}],"wp:term":[{"taxonomy":"category","embeddable":true,"href":"https:\/\/lponordgrandeterre.fr\/index.php?rest_route=%2Fwp%2Fv2%2Fcategories&post=2146"},{"taxonomy":"post_tag","embeddable":true,"href":"https:\/\/lponordgrandeterre.fr\/index.php?rest_route=%2Fwp%2Fv2%2Ftags&post=2146"}],"curies":[{"name":"wp","href":"https:\/\/api.w.org\/{rel}","templated":true}]}}