{"id":2644,"date":"2021-03-08T14:35:23","date_gmt":"2021-03-08T13:35:23","guid":{"rendered":"http:\/\/lponordgrandeterre.fr\/?p=2644"},"modified":"2021-03-08T14:55:36","modified_gmt":"2021-03-08T13:55:36","slug":"fanm-se-maoganni-douvan-siklon","status":"publish","type":"post","link":"https:\/\/lponordgrandeterre.fr\/?p=2644","title":{"rendered":"Fanm s\u00e9 maoganni douvan sikl\u00f2n"},"content":{"rendered":"<p>J\u00f2dila s\u00e9 8 maws. Nou ka gloriy\u00e9 konba madanm ja ganny\u00e9 pou sosy\u00e9t\u00e9-la r\u00e8sp\u00e8kt\u00e9 dwa a yo \u00e9 sa yo ka kontiny\u00e9 f\u00e8 pou egzisit\u00e9 pliplis.<\/p>\n<p>Isidan, toupatou, toul\u00e8, y\u00e8, j\u00f2di \u00e9 d\u00e8men, Madanm ka lit\u00e9 kont diskriminasyon yo ka sibi adan lar\u00e8l a travay. Adan foto an nou, nou t\u00e9 vl\u00e9 montr\u00e9, madanm p\u00e9 f\u00e8 menm travay ki nonm. Davwa nou pa ka \u00a0vw\u00e8 val\u00e8 a madanm asi k\u00f2 a yo men asi sa yo ni an t\u00e8t a yo \u00e9 volont\u00e9 a yo.<\/p>\n<p>Adan s\u00e9 foto-la nou ka r\u00e8pr\u00e9zant\u00e9 d\u00e9katman a madanm d\u00e8pi an tan lontan jis j\u00f2dijou. Avan s\u00e9 madanm-la t\u00e9 ka travay an jaden, an kaz, ka okip\u00e9 d\u00e8 timoun kisiswa isidan ou toupatou.<\/p>\n<p>J\u00f2di, l\u00e8 nou ka j\u00e9t\u00e9 on zy\u00e9 asi sa ki ka f\u00e8t oliwon Lat\u00e8, nou ka konstat\u00e9 ni madanm ki ni plis r\u00e8sponsabilit\u00e9, kon Kamala Harris, ni madanm ch\u00e8f yo jis ka f\u00e8 travay moun di s\u00e8l nonm p\u00e9 f\u00e8.<\/p>\n<p>L\u00e8 ou ka gad\u00e9 foto an nou, fo ou gad\u00e9 d\u00e9pi ag\u00f2ch jis a dwat, pou p\u00e9 vw\u00e8 chanjman a plas a madanm adan lar\u00e8l a travay \u00e9 adan tan-la. Men osi kijan figi a fanm an mouvman chanj\u00e9. Pas fanm an mouvman souvant fwa t\u00e9 liyann\u00e9 \u00e8v\u00e8 Manman men j\u00f2di s\u00e9 manman men fanm ki m\u00e8tf\u00e9danm adan travay a yo.<\/p>\n<p>Poubout l\u00e8 nou ka di\u00a0: \u00ab\u00a0Fanm s\u00e9 maoganni douvan sikl\u00f2n\u00a0\u00bb, sa nou vl\u00e9 di, s\u00e9 magr\u00e9 pr\u00e9syon madanm ja \u00e9 ka vw\u00e8 yo toujou ka vans\u00e9 ka f\u00e8 mouvman, yo pa ka pliy\u00e9.<\/p>\n<p style=\"text-align: right;\">RUTIL\/ DROUAT \/ ALAMKAN \/ VANONY<\/p>\n<p>&nbsp;<\/p>\n","protected":false},"excerpt":{"rendered":"<p>J\u00f2dila s\u00e9 8 maws. Nou ka gloriy\u00e9 konba madanm ja ganny\u00e9 pou sosy\u00e9t\u00e9-la r\u00e8sp\u00e8kt\u00e9 dwa a yo \u00e9 sa yo ka kontiny\u00e9 f\u00e8 pou egzisit\u00e9 pliplis. Isidan, toupatou, toul\u00e8, y\u00e8, j\u00f2di \u00e9 d\u00e8men, Madanm ka lit\u00e9 kont diskriminasyon yo ka sibi adan lar\u00e8l a travay. Adan foto an nou, nou t\u00e9 vl\u00e9 montr\u00e9, madanm p\u00e9 f\u00e8 menm travay ki nonm. Davwa nou pa ka \u00a0vw\u00e8 val\u00e8 a madanm asi k\u00f2 a yo men asi sa yo ni an t\u00e8t a yo \u00e9 volont\u00e9 a yo. Adan s\u00e9 foto-la nou ka&#8230; <\/p>\n","protected":false},"author":3,"featured_media":2645,"comment_status":"closed","ping_status":"open","sticky":false,"template":"","format":"standard","meta":[],"categories":[10,5],"tags":[],"_links":{"self":[{"href":"https:\/\/lponordgrandeterre.fr\/index.php?rest_route=\/wp\/v2\/posts\/2644"}],"collection":[{"href":"https:\/\/lponordgrandeterre.fr\/index.php?rest_route=\/wp\/v2\/posts"}],"about":[{"href":"https:\/\/lponordgrandeterre.fr\/index.php?rest_route=\/wp\/v2\/types\/post"}],"author":[{"embeddable":true,"href":"https:\/\/lponordgrandeterre.fr\/index.php?rest_route=\/wp\/v2\/users\/3"}],"replies":[{"embeddable":true,"href":"https:\/\/lponordgrandeterre.fr\/index.php?rest_route=%2Fwp%2Fv2%2Fcomments&post=2644"}],"version-history":[{"count":3,"href":"https:\/\/lponordgrandeterre.fr\/index.php?rest_route=\/wp\/v2\/posts\/2644\/revisions"}],"predecessor-version":[{"id":2649,"href":"https:\/\/lponordgrandeterre.fr\/index.php?rest_route=\/wp\/v2\/posts\/2644\/revisions\/2649"}],"wp:featuredmedia":[{"embeddable":true,"href":"https:\/\/lponordgrandeterre.fr\/index.php?rest_route=\/wp\/v2\/media\/2645"}],"wp:attachment":[{"href":"https:\/\/lponordgrandeterre.fr\/index.php?rest_route=%2Fwp%2Fv2%2Fmedia&parent=2644"}],"wp:term":[{"taxonomy":"category","embeddable":true,"href":"https:\/\/lponordgrandeterre.fr\/index.php?rest_route=%2Fwp%2Fv2%2Fcategories&post=2644"},{"taxonomy":"post_tag","embeddable":true,"href":"https:\/\/lponordgrandeterre.fr\/index.php?rest_route=%2Fwp%2Fv2%2Ftags&post=2644"}],"curies":[{"name":"wp","href":"https:\/\/api.w.org\/{rel}","templated":true}]}}