{"id":3544,"date":"2022-03-31T22:04:03","date_gmt":"2022-03-31T20:04:03","guid":{"rendered":"https:\/\/lponordgrandeterre.fr\/?p=3544"},"modified":"2022-03-31T22:04:03","modified_gmt":"2022-03-31T20:04:03","slug":"ensemble-nous-sommes-plus-forts","status":"publish","type":"post","link":"https:\/\/lponordgrandeterre.fr\/?p=3544","title":{"rendered":"Ensemble, nous sommes plus forts!"},"content":{"rendered":"\n<p>Le 12 mars derniers Orlane, Lorenne, Teva et Marc-Antoine ont repr\u00e9sent\u00e9 notre lyc\u00e9e au Quiz #\u00c9galit\u00e9 Jeunes 971. Pendant une matin\u00e9e, deux filles et deux gar\u00e7ons de coll\u00e8ges et de lyc\u00e9es de la Guadeloupe ont confront\u00e9 leurs connaissances au sujet de l&#8217;\u00e9volution des droits des femmes. Ensemble, ces deux filles et ces deux gar\u00e7ons du LPO ont remport\u00e9 le premier prix.  Un prix qui dit \u00e0 la jeune g\u00e9n\u00e9ration que l&#8217;\u00e9ducation, la formation, le parcours professionnel, la conciliation des temps professionnels, des temps personnels et des temps familiaux gagnent \u00e0 \u00eatre partag\u00e9s \u00e0 part \u00e9gale. Fille, gar\u00e7ons, femmes, hommes c&#8217;est ensemble que nous sommes plus forts.<\/p>\n\n\n\n<p> Mme Elisabeth Moreno, Ministre d\u00e9l\u00e9gu\u00e9e aupr\u00e8s du Premier ministre, charg\u00e9e de l&#8217;\u00c9galit\u00e9 entre les femmes et les hommes, de la Diversit\u00e9 et de l&#8217;\u00c9galit\u00e9 des chances et le Pr\u00e9fet Mr Alexandre Rochatte \u00e9taient pr\u00e9sents lors de cette premi\u00e8re \u00e9dition.<\/p>\n\n\n\n<figure class=\"wp-block-image size-large\"><img decoding=\"async\" loading=\"lazy\" width=\"1024\" height=\"1024\" src=\"https:\/\/lponordgrandeterre.fr\/wp-content\/uploads\/2022\/03\/20220313_190734-1024x1024.jpg\" alt=\"\" class=\"wp-image-3545\" srcset=\"https:\/\/lponordgrandeterre.fr\/wp-content\/uploads\/2022\/03\/20220313_190734-1024x1024.jpg 1024w, https:\/\/lponordgrandeterre.fr\/wp-content\/uploads\/2022\/03\/20220313_190734-300x300.jpg 300w, https:\/\/lponordgrandeterre.fr\/wp-content\/uploads\/2022\/03\/20220313_190734-150x150.jpg 150w, https:\/\/lponordgrandeterre.fr\/wp-content\/uploads\/2022\/03\/20220313_190734-768x768.jpg 768w, https:\/\/lponordgrandeterre.fr\/wp-content\/uploads\/2022\/03\/20220313_190734.jpg 1280w\" sizes=\"(max-width: 1024px) 100vw, 1024px\" \/><\/figure>\n","protected":false},"excerpt":{"rendered":"<p>Le 12 mars derniers Orlane, Lorenne, Teva et Marc-Antoine ont repr\u00e9sent\u00e9 notre lyc\u00e9e au Quiz #\u00c9galit\u00e9 Jeunes 971. Pendant une matin\u00e9e, deux filles et deux gar\u00e7ons de coll\u00e8ges et de lyc\u00e9es de la Guadeloupe ont confront\u00e9 leurs connaissances au sujet de l&#8217;\u00e9volution des droits des femmes. Ensemble, ces deux filles et ces deux gar\u00e7ons du LPO ont remport\u00e9 le premier prix. Un prix qui dit \u00e0 la jeune g\u00e9n\u00e9ration que l&#8217;\u00e9ducation, la formation, le parcours professionnel, la conciliation des temps professionnels, des temps personnels et des temps familiaux gagnent \u00e0&#8230; <\/p>\n","protected":false},"author":3,"featured_media":3546,"comment_status":"closed","ping_status":"open","sticky":false,"template":"","format":"standard","meta":[],"categories":[15,5],"tags":[],"_links":{"self":[{"href":"https:\/\/lponordgrandeterre.fr\/index.php?rest_route=\/wp\/v2\/posts\/3544"}],"collection":[{"href":"https:\/\/lponordgrandeterre.fr\/index.php?rest_route=\/wp\/v2\/posts"}],"about":[{"href":"https:\/\/lponordgrandeterre.fr\/index.php?rest_route=\/wp\/v2\/types\/post"}],"author":[{"embeddable":true,"href":"https:\/\/lponordgrandeterre.fr\/index.php?rest_route=\/wp\/v2\/users\/3"}],"replies":[{"embeddable":true,"href":"https:\/\/lponordgrandeterre.fr\/index.php?rest_route=%2Fwp%2Fv2%2Fcomments&post=3544"}],"version-history":[{"count":1,"href":"https:\/\/lponordgrandeterre.fr\/index.php?rest_route=\/wp\/v2\/posts\/3544\/revisions"}],"predecessor-version":[{"id":3547,"href":"https:\/\/lponordgrandeterre.fr\/index.php?rest_route=\/wp\/v2\/posts\/3544\/revisions\/3547"}],"wp:featuredmedia":[{"embeddable":true,"href":"https:\/\/lponordgrandeterre.fr\/index.php?rest_route=\/wp\/v2\/media\/3546"}],"wp:attachment":[{"href":"https:\/\/lponordgrandeterre.fr\/index.php?rest_route=%2Fwp%2Fv2%2Fmedia&parent=3544"}],"wp:term":[{"taxonomy":"category","embeddable":true,"href":"https:\/\/lponordgrandeterre.fr\/index.php?rest_route=%2Fwp%2Fv2%2Fcategories&post=3544"},{"taxonomy":"post_tag","embeddable":true,"href":"https:\/\/lponordgrandeterre.fr\/index.php?rest_route=%2Fwp%2Fv2%2Ftags&post=3544"}],"curies":[{"name":"wp","href":"https:\/\/api.w.org\/{rel}","templated":true}]}}