{"id":3744,"date":"2023-03-07T13:22:53","date_gmt":"2023-03-07T12:22:53","guid":{"rendered":"https:\/\/lponordgrandeterre.fr\/?p=3744"},"modified":"2023-10-26T15:49:31","modified_gmt":"2023-10-26T13:49:31","slug":"modalites-dacces","status":"publish","type":"post","link":"https:\/\/lponordgrandeterre.fr\/?p=3744","title":{"rendered":"MODALIT\u00c9S D&#8217;ACC\u00c8S"},"content":{"rendered":"<div class=\"wp-block-image\">\n<figure class=\"aligncenter size-large\"><img decoding=\"async\" loading=\"lazy\" width=\"573\" height=\"358\" src=\"http:\/\/lponordgrandeterre.fr\/wp-content\/uploads\/2020\/02\/logo-ifas-2.jpg\" alt=\"\" class=\"wp-image-2139\" srcset=\"https:\/\/lponordgrandeterre.fr\/wp-content\/uploads\/2020\/02\/logo-ifas-2.jpg 573w, https:\/\/lponordgrandeterre.fr\/wp-content\/uploads\/2020\/02\/logo-ifas-2-300x187.jpg 300w\" sizes=\"(max-width: 573px) 100vw, 573px\" \/><\/figure><\/div>\n\n\n<p><em><strong>INSCRIPTION<\/strong><\/em><\/p>\n\n\n\n<p><strong>Cursus complet :<\/strong><\/p>\n\n\n\n<p>\u2022 T\u00e9l\u00e9chargez <em>le dossier d\u2019inscription \u00e0 la s\u00e9lection d\u2019entr\u00e9e en IFAS.<\/em><br>\u2022 Pour les Agents de Services Hospitaliers Qualifi\u00e9s de la fonction publique hospitali\u00e8re et<br>les Agents de Service ,t\u00e9l\u00e9charger <em>le dossier d\u2019inscription pour l\u2019entr\u00e9e en IFAS.<\/em><br><br><strong>Cursus partiel :<\/strong><\/p>\n\n\n\n<p>\u2022 Candidats titulaires ou \u00e9l\u00e8ves de terminale Baccalaur\u00e9at Professionnel Accompagnement Soins<br>Services aux Personnes (ASSP) ou Soins Aux Personnes et Aux Territoires (SAPAT).<br>\u2022 Candidats Auxiliaires de Pu\u00e9riculture, Auxiliaires de Vie Sociale, Aides M\u00e9dicopsychologique, Assistants de Vie aux Familles, Ambulanciers, Agents de Service M\u00e9dicosocial, Assistant de R\u00e9gulation M\u00e9dicale, Dipl\u00f4me d\u2019\u00c9tat d\u2019Accompagnement \u00c9ducatif et<br>Social.<br><br><strong>PR\u00c9REQUIS<\/strong><\/p>\n\n\n\n<p>\u2022Les candidats doivent \u00eatre \u00e2g\u00e9s de dix-sept ans au moins \u00e0 la date d&#8217;entr\u00e9e en formation.<br>\u2022Aucune condition de dipl\u00f4me n\u2019est requise.<br><br><em><strong>LA S\u00c9LECTION<\/strong><\/em><\/p>\n\n\n\n<p>La s\u00e9lection des candidats est effectu\u00e9e par un jury de s\u00e9lection <strong>sur la base d&#8217;un dossier et<br>d&#8217;un entretien<\/strong> de quinze \u00e0 vingt minutes destin\u00e9s \u00e0 appr\u00e9cier les connaissances, les aptitudes et<br>la motivation du candidat \u00e0 suivre la formation.<br>Le dossier comprend les pi\u00e8ces suivantes <strong>class\u00e9es dans l&#8217;ordre ci-dessous<\/strong> :<br>1. Une pi\u00e8ce d\u2019identit\u00e9. Les titres de s\u00e9jour pour les ressortissants hors Union Europ\u00e9enne<br>doivent \u00eatre valides \u00e0 l&#8217;entr\u00e9e en formation<br>2. Une lettre de motivation manuscrite<br>3. Un curriculum vitae<br>4. Un document manuscrit relatant, au choix du candidat, soit une situation personnelle ou<br>professionnelle v\u00e9cue, soit un projet professionnel en lien avec les attendus de la formation<br>(cf voir tableau ci-dessous). Ce document n\u2019exc\u00e8de pas deux pages.<br>5. Selon la situation du candidat, la copie des originaux de ses dipl\u00f4mes ou titres traduits<br>en fran\u00e7ais<br>6. Le cas \u00e9ch\u00e9ant, la copie de ses relev\u00e9s de r\u00e9sultats et appr\u00e9ciations ou bulletins<br>scolaires des classes de premi\u00e8re et terminale<br>7. Selon la situation du candidat, les attestations de travail, accompagn\u00e9es \u00e9ventuellement<br>des appr\u00e9ciations et\/ou recommandations de l\u2019employeur (ou des employeurs)<br>8. Pour les ressortissants hors Union Europ\u00e9enne, une attestation du niveau de langue<br>fran\u00e7aise requis B2 (lorsque le niveau de fran\u00e7ais requis ne peut-\u00eatre v\u00e9rifi\u00e9 \u00e0 travers les<br>pi\u00e8ces produites ci-dessus)<br>9. Tout autre justificatif valorisant un engagement ou une exp\u00e9rience personnelle<br>(associative, sportive, etc.) en lien avec la profession d\u2019aide-soignant.<\/p>\n\n\n<div class=\"wp-block-image\">\n<figure class=\"aligncenter size-large is-resized\"><img decoding=\"async\" loading=\"lazy\" src=\"https:\/\/lponordgrandeterre.fr\/wp-content\/uploads\/2022\/05\/Tableau-La-Selection-1024x454.jpg\" alt=\"\" class=\"wp-image-3745\" width=\"784\" height=\"347\" srcset=\"https:\/\/lponordgrandeterre.fr\/wp-content\/uploads\/2022\/05\/Tableau-La-Selection-1024x454.jpg 1024w, https:\/\/lponordgrandeterre.fr\/wp-content\/uploads\/2022\/05\/Tableau-La-Selection-300x133.jpg 300w, https:\/\/lponordgrandeterre.fr\/wp-content\/uploads\/2022\/05\/Tableau-La-Selection-768x341.jpg 768w, https:\/\/lponordgrandeterre.fr\/wp-content\/uploads\/2022\/05\/Tableau-La-Selection-1536x681.jpg 1536w, https:\/\/lponordgrandeterre.fr\/wp-content\/uploads\/2022\/05\/Tableau-La-Selection-2048x908.jpg 2048w\" sizes=\"(max-width: 784px) 100vw, 784px\" \/><\/figure><\/div>\n\n\n<p>Les connaissances et aptitudes peuvent \u00eatre v\u00e9rifi\u00e9es dans un cadre scolaire, professionnel,<br>associatif ou autre.<\/p>\n","protected":false},"excerpt":{"rendered":"<p>INSCRIPTION Cursus complet : \u2022 T\u00e9l\u00e9chargez le dossier d\u2019inscription \u00e0 la s\u00e9lection d\u2019entr\u00e9e en IFAS.\u2022 Pour les Agents de Services Hospitaliers Qualifi\u00e9s de la fonction publique hospitali\u00e8re etles Agents de Service ,t\u00e9l\u00e9charger le dossier d\u2019inscription pour l\u2019entr\u00e9e en IFAS. Cursus partiel : \u2022 Candidats titulaires ou \u00e9l\u00e8ves de terminale Baccalaur\u00e9at Professionnel Accompagnement SoinsServices aux Personnes (ASSP) ou Soins Aux Personnes et Aux Territoires (SAPAT).\u2022 Candidats Auxiliaires de Pu\u00e9riculture, Auxiliaires de Vie Sociale, Aides M\u00e9dicopsychologique, Assistants de Vie aux Familles, Ambulanciers, Agents de Service M\u00e9dicosocial, Assistant de R\u00e9gulation M\u00e9dicale, Dipl\u00f4me d\u2019\u00c9tat&#8230; <\/p>\n","protected":false},"author":4,"featured_media":0,"comment_status":"closed","ping_status":"open","sticky":false,"template":"","format":"standard","meta":[],"categories":[32,15,5],"tags":[29],"_links":{"self":[{"href":"https:\/\/lponordgrandeterre.fr\/index.php?rest_route=\/wp\/v2\/posts\/3744"}],"collection":[{"href":"https:\/\/lponordgrandeterre.fr\/index.php?rest_route=\/wp\/v2\/posts"}],"about":[{"href":"https:\/\/lponordgrandeterre.fr\/index.php?rest_route=\/wp\/v2\/types\/post"}],"author":[{"embeddable":true,"href":"https:\/\/lponordgrandeterre.fr\/index.php?rest_route=\/wp\/v2\/users\/4"}],"replies":[{"embeddable":true,"href":"https:\/\/lponordgrandeterre.fr\/index.php?rest_route=%2Fwp%2Fv2%2Fcomments&post=3744"}],"version-history":[{"count":2,"href":"https:\/\/lponordgrandeterre.fr\/index.php?rest_route=\/wp\/v2\/posts\/3744\/revisions"}],"predecessor-version":[{"id":4320,"href":"https:\/\/lponordgrandeterre.fr\/index.php?rest_route=\/wp\/v2\/posts\/3744\/revisions\/4320"}],"wp:attachment":[{"href":"https:\/\/lponordgrandeterre.fr\/index.php?rest_route=%2Fwp%2Fv2%2Fmedia&parent=3744"}],"wp:term":[{"taxonomy":"category","embeddable":true,"href":"https:\/\/lponordgrandeterre.fr\/index.php?rest_route=%2Fwp%2Fv2%2Fcategories&post=3744"},{"taxonomy":"post_tag","embeddable":true,"href":"https:\/\/lponordgrandeterre.fr\/index.php?rest_route=%2Fwp%2Fv2%2Ftags&post=3744"}],"curies":[{"name":"wp","href":"https:\/\/api.w.org\/{rel}","templated":true}]}}