{"id":4322,"date":"2023-03-07T15:27:24","date_gmt":"2023-03-07T14:27:24","guid":{"rendered":"http:\/\/lponordgrandeterre.fr\/?p=4322"},"modified":"2023-10-26T15:49:30","modified_gmt":"2023-10-26T13:49:30","slug":"selection-juin-2023-pour-lentree-en-ifas-en-septembre-2023","status":"publish","type":"post","link":"https:\/\/lponordgrandeterre.fr\/?p=4322","title":{"rendered":"S\u00e9lection Juin 2023 pour l&#8217;entr\u00e9e en IFAS en Septembre 2023"},"content":{"rendered":"<div class=\"wp-block-image\">\n<figure class=\"aligncenter size-full\"><img decoding=\"async\" loading=\"lazy\" width=\"573\" height=\"358\" src=\"http:\/\/lponordgrandeterre.fr\/wp-content\/uploads\/2023\/03\/logo-ifas-2-2.jpg\" alt=\"\" class=\"wp-image-4331\" srcset=\"https:\/\/lponordgrandeterre.fr\/wp-content\/uploads\/2023\/03\/logo-ifas-2-2.jpg 573w, https:\/\/lponordgrandeterre.fr\/wp-content\/uploads\/2023\/03\/logo-ifas-2-2-300x187.jpg 300w\" sizes=\"(max-width: 573px) 100vw, 573px\" \/><\/figure><\/div>\n\n\n<p class=\"has-text-align-left\"><strong>P\u00e9riode d&#8217;inscription: <em>du Lundi 02 Mai au Samedi 10 Juin 2023<\/em>.<\/strong><\/p>\n\n\n\n<p class=\"has-text-align-left\">Le <strong>dossier d&#8217;inscription<\/strong> sera <strong>disponible en t\u00e9l\u00e9chargement<\/strong> sur le site du Lyc\u00e9e <strong><em>\u00e0 partir du Lundi 02 Mai 2023<\/em><\/strong>. <\/p>\n","protected":false},"excerpt":{"rendered":"<p>P\u00e9riode d&#8217;inscription: du Lundi 02 Mai au Samedi 10 Juin 2023. Le dossier d&#8217;inscription sera disponible en t\u00e9l\u00e9chargement sur le site du Lyc\u00e9e \u00e0 partir du Lundi 02 Mai 2023.<\/p>\n","protected":false},"author":4,"featured_media":0,"comment_status":"closed","ping_status":"open","sticky":false,"template":"","format":"standard","meta":[],"categories":[32,5],"tags":[29],"_links":{"self":[{"href":"https:\/\/lponordgrandeterre.fr\/index.php?rest_route=\/wp\/v2\/posts\/4322"}],"collection":[{"href":"https:\/\/lponordgrandeterre.fr\/index.php?rest_route=\/wp\/v2\/posts"}],"about":[{"href":"https:\/\/lponordgrandeterre.fr\/index.php?rest_route=\/wp\/v2\/types\/post"}],"author":[{"embeddable":true,"href":"https:\/\/lponordgrandeterre.fr\/index.php?rest_route=\/wp\/v2\/users\/4"}],"replies":[{"embeddable":true,"href":"https:\/\/lponordgrandeterre.fr\/index.php?rest_route=%2Fwp%2Fv2%2Fcomments&post=4322"}],"version-history":[{"count":3,"href":"https:\/\/lponordgrandeterre.fr\/index.php?rest_route=\/wp\/v2\/posts\/4322\/revisions"}],"predecessor-version":[{"id":4332,"href":"https:\/\/lponordgrandeterre.fr\/index.php?rest_route=\/wp\/v2\/posts\/4322\/revisions\/4332"}],"wp:attachment":[{"href":"https:\/\/lponordgrandeterre.fr\/index.php?rest_route=%2Fwp%2Fv2%2Fmedia&parent=4322"}],"wp:term":[{"taxonomy":"category","embeddable":true,"href":"https:\/\/lponordgrandeterre.fr\/index.php?rest_route=%2Fwp%2Fv2%2Fcategories&post=4322"},{"taxonomy":"post_tag","embeddable":true,"href":"https:\/\/lponordgrandeterre.fr\/index.php?rest_route=%2Fwp%2Fv2%2Ftags&post=4322"}],"curies":[{"name":"wp","href":"https:\/\/api.w.org\/{rel}","templated":true}]}}