{"id":697,"date":"2017-06-29T16:23:01","date_gmt":"2017-06-29T14:23:01","guid":{"rendered":"http:\/\/lponordgrandeterre.fr\/?p=697"},"modified":"2017-06-29T20:51:48","modified_gmt":"2017-06-29T18:51:48","slug":"10-etudiants-selectionnes-pour-partir-a-dublin","status":"publish","type":"post","link":"https:\/\/lponordgrandeterre.fr\/?p=697","title":{"rendered":"10 \u00e9tudiants s\u00e9lectionn\u00e9s pour partir \u00e0 Dublin !"},"content":{"rendered":"<p>&nbsp;<br \/>\n&nbsp;<br \/>\n&nbsp;<br \/>\n&nbsp;<br \/>\n&nbsp;<br \/>\n&nbsp;<br \/>\n&nbsp;<br \/>\n&nbsp;<br \/>\n&nbsp;<br \/>\n&nbsp;<br \/>\n&nbsp;<br \/>\n&nbsp;<br \/>\n&nbsp;<\/p>\n<p class=\"spip\">Le Lyc\u00e9e Polyvalent Nord Grande-Terre, titulaire de la CHARTE ERASMUS + depuis novembre 2015, vient de s\u00e9lectionner ses premiers \u00e9tudiants de BTS qui auront la chance d\u2019effectuer leur P\u00e9riode de Formation en Milieu Professionnel \u00e0 DUBLIN du 28 avril 2017 au 24 juin 2017.<\/p>\n<p class=\"spip\">Les 10 \u00e9lus sont\u00a0: Wesley ANDREOPA, Laury ARNAUD, Marvin CHARLES, Natacha FLAUZIN, Johan HIRA, Estelle KENGO, Nathan PERON, Rachelle TORIN, Agn\u00e8s ULYSSE, Jade WITVOET<\/p>\n<p class=\"spip\"><img decoding=\"async\" loading=\"lazy\" class=\"alignnone wp-image-698\" src=\"http:\/\/lponordgrandeterre.fr\/wp-content\/uploads\/2017\/06\/Candidats_erasmusplus-300x121.jpg\" alt=\"\" width=\"659\" height=\"266\" srcset=\"https:\/\/lponordgrandeterre.fr\/wp-content\/uploads\/2017\/06\/Candidats_erasmusplus-300x121.jpg 300w, https:\/\/lponordgrandeterre.fr\/wp-content\/uploads\/2017\/06\/Candidats_erasmusplus-768x309.jpg 768w, https:\/\/lponordgrandeterre.fr\/wp-content\/uploads\/2017\/06\/Candidats_erasmusplus.jpg 954w\" sizes=\"(max-width: 659px) 100vw, 659px\" \/><\/p>\n<p class=\"spip\">Les crit\u00e8res de s\u00e9lection retenus ont \u00e9t\u00e9\u00a0: La motivation, Le niveau d\u2019anglais, La capacit\u00e9 d\u2019adaptation et d\u2019autonomie.<\/p>\n<p class=\"spip\"><img decoding=\"async\" loading=\"lazy\" class=\"size-medium wp-image-699 alignleft\" src=\"http:\/\/lponordgrandeterre.fr\/wp-content\/uploads\/2017\/06\/Image2-e072e-300x249.png\" alt=\"\" width=\"300\" height=\"249\" srcset=\"https:\/\/lponordgrandeterre.fr\/wp-content\/uploads\/2017\/06\/Image2-e072e-300x249.png 300w, https:\/\/lponordgrandeterre.fr\/wp-content\/uploads\/2017\/06\/Image2-e072e.png 440w\" sizes=\"(max-width: 300px) 100vw, 300px\" \/><\/p>\n<p class=\"spip\">Ces \u00e9tudiants ont \u00e9t\u00e9 s\u00e9lectionn\u00e9s par leurs professeurs d\u2019anglais et de mati\u00e8res professionnelles parmi 3 des fili\u00e8res de BTS propos\u00e9es au LPO Nord Grande-Terre\u00a0: le BTS Economie Sociale Familiale, le BTS M\u00e9tiers de l\u2019Esth\u00e9tique, de la Cosm\u00e9tique et de la Parfumerie et le BTS Transport et Prestations Logistiques<\/p>\n<p class=\"spip\"><strong class=\"spip\">Bravo \u00e0 tous et bonne continuation\u00a0!!!<\/strong><\/p>\n<p class=\"spip\"><i class=\"spip\">Par Florence ZAMORA-REUGE, Coordonnatrice du projet ERASMUS +<\/i><\/p>\n<p class=\"spip\">T\u00e9l\u00e9charger :\u00a0<a href=\"http:\/\/lponordgrandeterre.fr\/wp-content\/uploads\/2017\/06\/Article-s\u00e9lection-des-candidats.pdf\">S\u00e9lection des candidats<\/a><\/p>\n<p>&nbsp;<br \/>\n&nbsp;<br \/>\n&nbsp;<br \/>\n&nbsp;<br \/>\n&nbsp;<br \/>\n&nbsp;<br \/>\n&nbsp;<br \/>\n&nbsp;<\/p>\n","protected":false},"excerpt":{"rendered":"<p>&nbsp; &nbsp; &nbsp; &nbsp; &nbsp; &nbsp; &nbsp; &nbsp; &nbsp; &nbsp; &nbsp; &nbsp; &nbsp; Le Lyc\u00e9e Polyvalent Nord Grande-Terre, titulaire de la CHARTE ERASMUS + depuis novembre 2015, vient de s\u00e9lectionner ses premiers \u00e9tudiants de BTS qui auront la chance d\u2019effectuer leur P\u00e9riode de Formation en Milieu Professionnel \u00e0 DUBLIN du 28 avril 2017 au 24 juin 2017. Les 10 \u00e9lus sont\u00a0: Wesley ANDREOPA, Laury ARNAUD, Marvin CHARLES, Natacha FLAUZIN, Johan HIRA, Estelle KENGO, Nathan PERON, Rachelle TORIN, Agn\u00e8s ULYSSE, Jade WITVOET Les crit\u00e8res de s\u00e9lection retenus ont \u00e9t\u00e9\u00a0: La motivation,&#8230; <\/p>\n","protected":false},"author":4,"featured_media":707,"comment_status":"closed","ping_status":"open","sticky":false,"template":"","format":"standard","meta":[],"categories":[5,8],"tags":[],"_links":{"self":[{"href":"https:\/\/lponordgrandeterre.fr\/index.php?rest_route=\/wp\/v2\/posts\/697"}],"collection":[{"href":"https:\/\/lponordgrandeterre.fr\/index.php?rest_route=\/wp\/v2\/posts"}],"about":[{"href":"https:\/\/lponordgrandeterre.fr\/index.php?rest_route=\/wp\/v2\/types\/post"}],"author":[{"embeddable":true,"href":"https:\/\/lponordgrandeterre.fr\/index.php?rest_route=\/wp\/v2\/users\/4"}],"replies":[{"embeddable":true,"href":"https:\/\/lponordgrandeterre.fr\/index.php?rest_route=%2Fwp%2Fv2%2Fcomments&post=697"}],"version-history":[{"count":13,"href":"https:\/\/lponordgrandeterre.fr\/index.php?rest_route=\/wp\/v2\/posts\/697\/revisions"}],"predecessor-version":[{"id":730,"href":"https:\/\/lponordgrandeterre.fr\/index.php?rest_route=\/wp\/v2\/posts\/697\/revisions\/730"}],"wp:featuredmedia":[{"embeddable":true,"href":"https:\/\/lponordgrandeterre.fr\/index.php?rest_route=\/wp\/v2\/media\/707"}],"wp:attachment":[{"href":"https:\/\/lponordgrandeterre.fr\/index.php?rest_route=%2Fwp%2Fv2%2Fmedia&parent=697"}],"wp:term":[{"taxonomy":"category","embeddable":true,"href":"https:\/\/lponordgrandeterre.fr\/index.php?rest_route=%2Fwp%2Fv2%2Fcategories&post=697"},{"taxonomy":"post_tag","embeddable":true,"href":"https:\/\/lponordgrandeterre.fr\/index.php?rest_route=%2Fwp%2Fv2%2Ftags&post=697"}],"curies":[{"name":"wp","href":"https:\/\/api.w.org\/{rel}","templated":true}]}}