{"id":711,"date":"2017-06-29T20:36:11","date_gmt":"2017-06-29T18:36:11","guid":{"rendered":"http:\/\/lponordgrandeterre.fr\/?p=711"},"modified":"2017-07-04T17:07:27","modified_gmt":"2017-07-04T15:07:27","slug":"la-mobilite-erasmus-au-lpo-nord-grande-terre-cest-parti","status":"publish","type":"post","link":"https:\/\/lponordgrandeterre.fr\/?p=711","title":{"rendered":"La mobilit\u00e9 ERASMUS + au LPO Nord Grande-Terre : c\u2019est parti !!!"},"content":{"rendered":"<p><em>Par les coordonnatrices du projet ERASMUS + : Florence ZAMORA-REUGE &amp; Marie-Laetitia GAWLOWICZ<\/em><\/p>\n<p><img decoding=\"async\" loading=\"lazy\" class=\"wp-image-518 alignleft\" src=\"http:\/\/lponordgrandeterre.fr\/wp-content\/uploads\/2017\/06\/drapeau-euro-300x204.jpg\" alt=\"\" width=\"246\" height=\"160\" \/><\/p>\n<p>&nbsp;<\/p>\n<p>Titulaire de la CHARTE ERASMUS + depuis novembre 2015, les premiers b\u00e9n\u00e9ficiaires d\u2019une mobilit\u00e9 ERASMUS + du Lyc\u00e9e Polyvalent Nord GrandeTerre viennent de s\u2019envoler pour Dublin. Au programme, une mobilit\u00e9 de stage pour 10 \u00e9tudiants en BTS et une mobilit\u00e9 formation pour les deux coordonnatrices du projet.<\/p>\n<p>&nbsp;<\/p>\n<p>Des stages professionnels de 9 semaines ont \u00e9t\u00e9 trouv\u00e9s gr\u00e2ce \u00e0 un prestataire de services, CEI work, travel &amp; study, dans les diff\u00e9rents secteurs professionnels des \u00e9tudiants : le secteur de l\u2019esth\u00e9tique, le secteur du transport et de la logistique et le secteur du travail social.<\/p>\n<p><img decoding=\"async\" loading=\"lazy\" class=\"alignnone wp-image-713\" src=\"http:\/\/lponordgrandeterre.fr\/wp-content\/uploads\/2017\/06\/duvlin-300x226.jpg\" alt=\"\" width=\"466\" height=\"351\" srcset=\"https:\/\/lponordgrandeterre.fr\/wp-content\/uploads\/2017\/06\/duvlin-300x226.jpg 300w, https:\/\/lponordgrandeterre.fr\/wp-content\/uploads\/2017\/06\/duvlin.jpg 317w\" sizes=\"(max-width: 466px) 100vw, 466px\" \/><\/p>\n<p>C\u2019est une occasion unique pour ces jeunes d\u2019am\u00e9liorer consid\u00e9rablement leur anglais tout en mettant en pratique leurs comp\u00e9tences professionnelles.<\/p>\n<p><img decoding=\"async\" loading=\"lazy\" class=\"alignnone wp-image-712\" src=\"http:\/\/lponordgrandeterre.fr\/wp-content\/uploads\/2017\/06\/dublin2-216x300.jpg\" alt=\"\" width=\"293\" height=\"407\" srcset=\"https:\/\/lponordgrandeterre.fr\/wp-content\/uploads\/2017\/06\/dublin2-216x300.jpg 216w, https:\/\/lponordgrandeterre.fr\/wp-content\/uploads\/2017\/06\/dublin2.jpg 279w\" sizes=\"(max-width: 293px) 100vw, 293px\" \/><\/p>\n<p>Enjoy !<\/p>\n","protected":false},"excerpt":{"rendered":"<p>Par les coordonnatrices du projet ERASMUS + : Florence ZAMORA-REUGE &amp; Marie-Laetitia GAWLOWICZ &nbsp; Titulaire de la CHARTE ERASMUS + depuis novembre 2015, les premiers b\u00e9n\u00e9ficiaires d\u2019une mobilit\u00e9 ERASMUS + du Lyc\u00e9e Polyvalent Nord GrandeTerre viennent de s\u2019envoler pour Dublin. Au programme, une mobilit\u00e9 de stage pour 10 \u00e9tudiants en BTS et une mobilit\u00e9 formation pour les deux coordonnatrices du projet. &nbsp; Des stages professionnels de 9 semaines ont \u00e9t\u00e9 trouv\u00e9s gr\u00e2ce \u00e0 un prestataire de services, CEI work, travel &amp; study, dans les diff\u00e9rents secteurs professionnels des \u00e9tudiants :&#8230; <\/p>\n","protected":false},"author":4,"featured_media":715,"comment_status":"closed","ping_status":"open","sticky":false,"template":"","format":"standard","meta":[],"categories":[5,8],"tags":[],"_links":{"self":[{"href":"https:\/\/lponordgrandeterre.fr\/index.php?rest_route=\/wp\/v2\/posts\/711"}],"collection":[{"href":"https:\/\/lponordgrandeterre.fr\/index.php?rest_route=\/wp\/v2\/posts"}],"about":[{"href":"https:\/\/lponordgrandeterre.fr\/index.php?rest_route=\/wp\/v2\/types\/post"}],"author":[{"embeddable":true,"href":"https:\/\/lponordgrandeterre.fr\/index.php?rest_route=\/wp\/v2\/users\/4"}],"replies":[{"embeddable":true,"href":"https:\/\/lponordgrandeterre.fr\/index.php?rest_route=%2Fwp%2Fv2%2Fcomments&post=711"}],"version-history":[{"count":5,"href":"https:\/\/lponordgrandeterre.fr\/index.php?rest_route=\/wp\/v2\/posts\/711\/revisions"}],"predecessor-version":[{"id":768,"href":"https:\/\/lponordgrandeterre.fr\/index.php?rest_route=\/wp\/v2\/posts\/711\/revisions\/768"}],"wp:featuredmedia":[{"embeddable":true,"href":"https:\/\/lponordgrandeterre.fr\/index.php?rest_route=\/wp\/v2\/media\/715"}],"wp:attachment":[{"href":"https:\/\/lponordgrandeterre.fr\/index.php?rest_route=%2Fwp%2Fv2%2Fmedia&parent=711"}],"wp:term":[{"taxonomy":"category","embeddable":true,"href":"https:\/\/lponordgrandeterre.fr\/index.php?rest_route=%2Fwp%2Fv2%2Fcategories&post=711"},{"taxonomy":"post_tag","embeddable":true,"href":"https:\/\/lponordgrandeterre.fr\/index.php?rest_route=%2Fwp%2Fv2%2Ftags&post=711"}],"curies":[{"name":"wp","href":"https:\/\/api.w.org\/{rel}","templated":true}]}}