{"id":974,"date":"2017-11-30T17:03:08","date_gmt":"2017-11-30T16:03:08","guid":{"rendered":"http:\/\/lponordgrandeterre.fr\/?p=974"},"modified":"2017-11-30T18:44:46","modified_gmt":"2017-11-30T17:44:46","slug":"partir-a-dublin-avec-erasmus","status":"publish","type":"post","link":"https:\/\/lponordgrandeterre.fr\/?p=974","title":{"rendered":"Partir \u00e0 Dublin avec ERASMUS+"},"content":{"rendered":"<p>&nbsp;<\/p>\n<p style=\"text-align: left;\">Pour la deuxi\u00e8me ann\u00e9e cons\u00e9cutive, le\u00a0 Lyc\u00e9e Polyvalent Nord Grande-Terre vient de s\u00e9lectionn\u00e9s 10 \u00e9tudiants\u00a0 de BTS pour effectuer leur P\u00e9riode de Formation en Milieu Professionnel \u00e0 DUBLIN du 28 avril 2018 au 30 juin 2018.<\/p>\n<p>&nbsp;<\/p>\n<p>&nbsp;<\/p>\n<p>&nbsp;<\/p>\n<p>&nbsp;<\/p>\n<p>Les 10 \u00e9lus sont :<\/p>\n<ul>\n<li>Kessia BERTOGAL<\/li>\n<li>Brian BONUS<\/li>\n<li>Coline BORDIN<\/li>\n<li>Dinaly CORNANO<\/li>\n<li>Ludmina DAMBLADE<\/li>\n<li>Rachel GERMAIN<\/li>\n<li>Kellya LAURENT<\/li>\n<li>C\u00e9cilia LEAUVA<\/li>\n<li>Christina POLYCARPE<\/li>\n<li>Rebecca POULLET<\/li>\n<\/ul>\n<p>Ces \u00e9tudiants ont \u00e9t\u00e9\u00a0 choisis parmi 3 des fili\u00e8res de BTS\u00a0 propos\u00e9es au LPO Nord Grande-Terre\u00a0 :\u00a0 le BTS Economie Sociale Familiale, le BTS M\u00e9tiers de l\u2019Esth\u00e9tique, de la Cosm\u00e9tique et de la Parfumerie et le BTS Services et Prestations dans le Secteur Sanitaire et Social.<\/p>\n<p>Apr\u00e8s une inscription en ligne, ils ont pass\u00e9 une \u00e9preuve orale de 20 minutes devant un jury compos\u00e9 d\u2019un\u00a0 professeur d\u2019anglais, d\u2019un professeur de\u00a0\u00a0\u00a0 mati\u00e8res professionnelles et d\u2019un\u00a0 membre de l\u2019administration du lyc\u00e9e.<\/p>\n<p><img decoding=\"async\" loading=\"lazy\" class=\"alignnone size-full wp-image-979\" src=\"http:\/\/lponordgrandeterre.fr\/wp-content\/uploads\/2017\/11\/Image1.png\" alt=\"\" width=\"810\" height=\"607\" srcset=\"https:\/\/lponordgrandeterre.fr\/wp-content\/uploads\/2017\/11\/Image1.png 810w, https:\/\/lponordgrandeterre.fr\/wp-content\/uploads\/2017\/11\/Image1-300x225.png 300w, https:\/\/lponordgrandeterre.fr\/wp-content\/uploads\/2017\/11\/Image1-768x576.png 768w\" sizes=\"(max-width: 810px) 100vw, 810px\" \/><\/p>\n<p>&nbsp;<\/p>\n<p>Les crit\u00e8res de s\u00e9lection retenus ont \u00e9t\u00e9 la motivation, le niveau d\u2019anglais, la capacit\u00e9 d\u2019adaptation et d\u2019autonomie, le projet professionnel.<\/p>\n<div class=\"su-document su-u-responsive-media-yes\"><iframe src=\"\/\/docs.google.com\/viewer?embedded=true&url=http:\/\/lponordgrandeterre.fr\/wp-content\/uploads\/2017\/11\/Crit\u00e8res-s\u00e9lection-ERASMUS-2017.pdf\" width=\"960\" height=\"980\" class=\"su-document\" title=\"\"><\/iframe><\/div>\n<p><b><i>Bravo \u00e0 tous et bonne continuation !!!<\/i><\/b><\/p>\n<p><img decoding=\"async\" loading=\"lazy\" class=\"alignnone size-large wp-image-978\" src=\"http:\/\/lponordgrandeterre.fr\/wp-content\/uploads\/2017\/11\/home-fiche-dublin.1455864.104-1024x307.jpg\" alt=\"\" width=\"1024\" height=\"307\" srcset=\"https:\/\/lponordgrandeterre.fr\/wp-content\/uploads\/2017\/11\/home-fiche-dublin.1455864.104-1024x307.jpg 1024w, https:\/\/lponordgrandeterre.fr\/wp-content\/uploads\/2017\/11\/home-fiche-dublin.1455864.104-300x90.jpg 300w, https:\/\/lponordgrandeterre.fr\/wp-content\/uploads\/2017\/11\/home-fiche-dublin.1455864.104-768x230.jpg 768w, https:\/\/lponordgrandeterre.fr\/wp-content\/uploads\/2017\/11\/home-fiche-dublin.1455864.104.jpg 1686w\" sizes=\"(max-width: 1024px) 100vw, 1024px\" \/><\/p>\n<p><i>Par Florence ZAMORA-REUGE <\/i><i>et Marie-Laetitia GAWLOWICZ<\/i><i>, <\/i><\/p>\n<p><i>Coordonnatrices du projet ERASMUS +<\/i><\/p>\n<p>&nbsp;<\/p>\n","protected":false},"excerpt":{"rendered":"<p>&nbsp; Pour la deuxi\u00e8me ann\u00e9e cons\u00e9cutive, le\u00a0 Lyc\u00e9e Polyvalent Nord Grande-Terre vient de s\u00e9lectionn\u00e9s 10 \u00e9tudiants\u00a0 de BTS pour effectuer leur P\u00e9riode de Formation en Milieu Professionnel \u00e0 DUBLIN du 28 avril 2018 au 30 juin 2018. &nbsp; &nbsp; &nbsp; &nbsp; Les 10 \u00e9lus sont : Kessia BERTOGAL Brian BONUS Coline BORDIN Dinaly CORNANO Ludmina DAMBLADE Rachel GERMAIN Kellya LAURENT C\u00e9cilia LEAUVA Christina POLYCARPE Rebecca POULLET Ces \u00e9tudiants ont \u00e9t\u00e9\u00a0 choisis parmi 3 des fili\u00e8res de BTS\u00a0 propos\u00e9es au LPO Nord Grande-Terre\u00a0 :\u00a0 le BTS Economie Sociale Familiale, le BTS&#8230; <\/p>\n","protected":false},"author":4,"featured_media":987,"comment_status":"closed","ping_status":"open","sticky":false,"template":"","format":"standard","meta":[],"categories":[10,5],"tags":[],"_links":{"self":[{"href":"https:\/\/lponordgrandeterre.fr\/index.php?rest_route=\/wp\/v2\/posts\/974"}],"collection":[{"href":"https:\/\/lponordgrandeterre.fr\/index.php?rest_route=\/wp\/v2\/posts"}],"about":[{"href":"https:\/\/lponordgrandeterre.fr\/index.php?rest_route=\/wp\/v2\/types\/post"}],"author":[{"embeddable":true,"href":"https:\/\/lponordgrandeterre.fr\/index.php?rest_route=\/wp\/v2\/users\/4"}],"replies":[{"embeddable":true,"href":"https:\/\/lponordgrandeterre.fr\/index.php?rest_route=%2Fwp%2Fv2%2Fcomments&post=974"}],"version-history":[{"count":6,"href":"https:\/\/lponordgrandeterre.fr\/index.php?rest_route=\/wp\/v2\/posts\/974\/revisions"}],"predecessor-version":[{"id":986,"href":"https:\/\/lponordgrandeterre.fr\/index.php?rest_route=\/wp\/v2\/posts\/974\/revisions\/986"}],"wp:featuredmedia":[{"embeddable":true,"href":"https:\/\/lponordgrandeterre.fr\/index.php?rest_route=\/wp\/v2\/media\/987"}],"wp:attachment":[{"href":"https:\/\/lponordgrandeterre.fr\/index.php?rest_route=%2Fwp%2Fv2%2Fmedia&parent=974"}],"wp:term":[{"taxonomy":"category","embeddable":true,"href":"https:\/\/lponordgrandeterre.fr\/index.php?rest_route=%2Fwp%2Fv2%2Fcategories&post=974"},{"taxonomy":"post_tag","embeddable":true,"href":"https:\/\/lponordgrandeterre.fr\/index.php?rest_route=%2Fwp%2Fv2%2Ftags&post=974"}],"curies":[{"name":"wp","href":"https:\/\/api.w.org\/{rel}","templated":true}]}}